{"id":166,"date":"2022-10-01T18:10:43","date_gmt":"2022-10-02T01:10:43","guid":{"rendered":"https:\/\/ruba.com.mx\/sonora\/?p=166"},"modified":"2022-10-06T14:10:22","modified_gmt":"2022-10-06T21:10:22","slug":"iluminacion-mas-arquitectura","status":"publish","type":"post","link":"https:\/\/ruba.com.mx\/sonora\/iluminacion-mas-arquitectura\/","title":{"rendered":"Iluminaci\u00f3n + arquitectura"},"content":{"rendered":"\t\t<div data-elementor-type=\"wp-post\" data-elementor-id=\"166\" class=\"elementor elementor-166\" data-elementor-settings=\"[]\">\n\t\t\t\t\t\t\t<div class=\"elementor-section-wrap\">\n\t\t\t\t\t\t\t<section class=\"elementor-section elementor-top-section elementor-element elementor-element-7f32b0ca elementor-section-boxed elementor-section-height-default elementor-section-height-default\" data-id=\"7f32b0ca\" data-element_type=\"section\">\n\t\t\t\t\t\t<div class=\"elementor-container elementor-column-gap-default\">\n\t\t\t\t\t<div class=\"elementor-column elementor-col-100 elementor-top-column elementor-element elementor-element-46897b77\" data-id=\"46897b77\" data-element_type=\"column\">\n\t\t\t<div class=\"elementor-widget-wrap elementor-element-populated\">\n\t\t\t\t\t\t\t\t<div class=\"elementor-element elementor-element-5ed1309a elementor-widget elementor-widget-text-editor\" data-id=\"5ed1309a\" data-element_type=\"widget\" data-widget_type=\"text-editor.default\">\n\t\t\t\t<div class=\"elementor-widget-container\">\n\t\t\t\t\t\t\t<!-- wp:paragraph -->\n<p><em>Uno de los pilares de la mayor\u00eda de los conceptos inmobiliarios es la incidencia de los rayos solares. Es la luz natural, pues, parte de la estructura del hogar, y no solamente algo incidental o pasajero durante el d\u00eda.<\/em><\/p>\n<p><img loading=\"lazy\" class=\"alignnone wp-image-10455\" src=\"https:\/\/ruba.com.mx\/wp-content\/uploads\/2022\/08\/pexels-scott-webb-1029606-300x199.jpg\" sizes=\"(max-width: 451px) 100vw, 451px\" srcset=\"https:\/\/ruba.com.mx\/wp-content\/uploads\/2022\/08\/pexels-scott-webb-1029606-300x199.jpg 300w, https:\/\/ruba.com.mx\/wp-content\/uploads\/2022\/08\/pexels-scott-webb-1029606-600x398.jpg 600w, https:\/\/ruba.com.mx\/wp-content\/uploads\/2022\/08\/pexels-scott-webb-1029606.jpg 640w\" alt=\"arquitectura\" width=\"451\" height=\"299\" \/><br \/><em>Alejandra Manzo<\/em><\/p>\n<p>\u00a0<\/p>\n<p>Aunque hay\u00a0<strong>arquitecturas<\/strong>\u00a0\u2013no tan numerosas\u2013 que tienden a espacios con luz artificial para crear diversos ambientes, durante los \u00faltimos a\u00f1os se ha vuelto predominantemente imprescindible el dise\u00f1o de casas con espacios amplios, distendidos, vistas plenas y en contacto con la luz natural.<\/p>\n<p>Es por eso que cada vez m\u00e1s arquitectos, focalizados en la\u00a0<strong>iluminaci\u00f3n<\/strong>\u00a0del espacio, planean y crean entornos en donde las personas se sientan mejor, aumenten su motivaci\u00f3n y su productividad y eleven su energ\u00eda.<\/p>\n<p>Una iluminaci\u00f3n correcta influye en esa sensaci\u00f3n de bienestar al reducir el cansancio y darnos ese empuje que necesitamos d\u00eda a d\u00eda para realizar nuestras labores diarias.<\/p>\n<p>\u201cLas aberturas y fachadas vidriadas deben ser capaces de contemplar los espacios en pos de la salud donde no solo importan las particularidades f\u00edsicas y la ausencia o presencia de enfermedades, sino donde tambi\u00e9n se vuelve fundamental hacer foco en el goce, el confort, la comodidad y la satisfacci\u00f3n a nivel social, mental y f\u00edsico\u201d, se\u00f1ala un precepto arquitect\u00f3nico que pondera la luminosidad.<\/p>\n<p>Es por eso que hoy en d\u00eda y de cara al futuro debemos prestar particular atenci\u00f3n al elegir un hogar en donde percibamos la luz natural y que incida en espacios amplios.<\/p>\n<p>Y adem\u00e1s del beneficio est\u00e9tico, psicol\u00f3gico, fisiol\u00f3gico y con efecto en las interrelaciones personales y familiares, la luz natural reduce costo y resalta la belleza y el estado real de nuestro espacio \u00faltimo y m\u00e1s \u00edntimo como es nuestra casa.<\/p>\n<!-- \/wp:paragraph -->\t\t\t\t\t\t<\/div>\n\t\t\t\t<\/div>\n\t\t\t\t\t<\/div>\n\t\t<\/div>\n\t\t\t\t\t\t\t<\/div>\n\t\t<\/section>\n\t\t\t\t\t\t<\/div>\n\t\t\t\t\t<\/div>\n\t\t","protected":false},"excerpt":{"rendered":"<p>Uno de los pilares de la mayor\u00eda de los conceptos inmobiliarios es la incidencia de los rayos solares. Es la luz natural, pues, parte de la estructura del hogar, y no solamente algo incidental o pasajero durante el d\u00eda. Alejandra Manzo &nbsp; Aunque hay&nbsp;arquitecturas&nbsp;\u2013no tan numerosas\u2013 que tienden a espacios con luz artificial para crear [&hellip;]<\/p>\n","protected":false},"author":1,"featured_media":702,"comment_status":"open","ping_status":"open","sticky":false,"template":"","format":"standard","meta":[],"categories":[1],"tags":[],"yoast_head":"<!-- This site is optimized with the Yoast SEO plugin v19.3 - https:\/\/yoast.com\/wordpress\/plugins\/seo\/ -->\n<title>Iluminaci\u00f3n + arquitectura - RUBA Sonora<\/title>\n<meta name=\"robots\" content=\"index, follow, max-snippet:-1, max-image-preview:large, max-video-preview:-1\" \/>\n<link rel=\"canonical\" href=\"https:\/\/ruba.com.mx\/sonora\/iluminacion-mas-arquitectura\/\" \/>\n<meta property=\"og:locale\" content=\"en_US\" \/>\n<meta property=\"og:type\" content=\"article\" \/>\n<meta property=\"og:title\" content=\"Iluminaci\u00f3n + arquitectura - RUBA Sonora\" \/>\n<meta property=\"og:description\" content=\"Uno de los pilares de la mayor\u00eda de los conceptos inmobiliarios es la incidencia de los rayos solares. Es la luz natural, pues, parte de la estructura del hogar, y no solamente algo incidental o pasajero durante el d\u00eda. Alejandra Manzo &nbsp; Aunque hay&nbsp;arquitecturas&nbsp;\u2013no tan numerosas\u2013 que tienden a espacios con luz artificial para crear [&hellip;]\" \/>\n<meta property=\"og:url\" content=\"https:\/\/ruba.com.mx\/sonora\/iluminacion-mas-arquitectura\/\" \/>\n<meta property=\"og:site_name\" content=\"RUBA Sonora\" \/>\n<meta property=\"article:publisher\" content=\"https:\/\/www.facebook.com\/rubahermosillo\/\" \/>\n<meta property=\"article:published_time\" content=\"2022-10-02T01:10:43+00:00\" \/>\n<meta property=\"article:modified_time\" content=\"2022-10-06T21:10:22+00:00\" \/>\n<meta property=\"og:image\" content=\"https:\/\/ruba.com.mx\/sonora\/wp-content\/uploads\/2022\/05\/blog-iluminacion-arquitectura.jpg\" \/>\n\t<meta property=\"og:image:width\" content=\"1280\" \/>\n\t<meta property=\"og:image:height\" content=\"800\" \/>\n\t<meta property=\"og:image:type\" content=\"image\/jpeg\" \/>\n<meta name=\"author\" content=\"admin\" \/>\n<meta name=\"twitter:card\" content=\"summary_large_image\" \/>\n<meta name=\"twitter:creator\" content=\"@CasasRuba\" \/>\n<meta name=\"twitter:site\" content=\"@CasasRuba\" \/>\n<meta name=\"twitter:label1\" content=\"Written by\" \/>\n\t<meta name=\"twitter:data1\" content=\"admin\" \/>\n\t<meta name=\"twitter:label2\" content=\"Est. reading time\" \/>\n\t<meta name=\"twitter:data2\" content=\"2 minutes\" \/>\n<script type=\"application\/ld+json\" class=\"yoast-schema-graph\">{\"@context\":\"https:\/\/schema.org\",\"@graph\":[{\"@type\":\"Organization\",\"@id\":\"https:\/\/ruba.com.mx\/sonora\/#organization\",\"name\":\"RUBA Sonora\",\"url\":\"https:\/\/ruba.com.mx\/sonora\/\",\"sameAs\":[\"https:\/\/www.instagram.com\/rubahermosillo\/\",\"https:\/\/www.facebook.com\/rubahermosillo\/\",\"https:\/\/twitter.com\/CasasRuba\"],\"logo\":{\"@type\":\"ImageObject\",\"inLanguage\":\"en-US\",\"@id\":\"https:\/\/ruba.com.mx\/sonora\/#\/schema\/logo\/image\/\",\"url\":\"https:\/\/rubasonora.com\/wp-content\/uploads\/2022\/05\/logo-ruba-color1.png\",\"contentUrl\":\"https:\/\/rubasonora.com\/wp-content\/uploads\/2022\/05\/logo-ruba-color1.png\",\"width\":283,\"height\":113,\"caption\":\"RUBA Sonora\"},\"image\":{\"@id\":\"https:\/\/ruba.com.mx\/sonora\/#\/schema\/logo\/image\/\"}},{\"@type\":\"WebSite\",\"@id\":\"https:\/\/ruba.com.mx\/sonora\/#website\",\"url\":\"https:\/\/ruba.com.mx\/sonora\/\",\"name\":\"RUBA Sonora\",\"description\":\"Llegaste a Casa\",\"publisher\":{\"@id\":\"https:\/\/ruba.com.mx\/sonora\/#organization\"},\"potentialAction\":[{\"@type\":\"SearchAction\",\"target\":{\"@type\":\"EntryPoint\",\"urlTemplate\":\"https:\/\/ruba.com.mx\/sonora\/?s={search_term_string}\"},\"query-input\":\"required name=search_term_string\"}],\"inLanguage\":\"en-US\"},{\"@type\":\"ImageObject\",\"inLanguage\":\"en-US\",\"@id\":\"https:\/\/ruba.com.mx\/sonora\/iluminacion-mas-arquitectura\/#primaryimage\",\"url\":\"https:\/\/ruba.com.mx\/sonora\/wp-content\/uploads\/2022\/05\/blog-iluminacion-arquitectura.jpg\",\"contentUrl\":\"https:\/\/ruba.com.mx\/sonora\/wp-content\/uploads\/2022\/05\/blog-iluminacion-arquitectura.jpg\",\"width\":1280,\"height\":800},{\"@type\":\"WebPage\",\"@id\":\"https:\/\/ruba.com.mx\/sonora\/iluminacion-mas-arquitectura\/\",\"url\":\"https:\/\/ruba.com.mx\/sonora\/iluminacion-mas-arquitectura\/\",\"name\":\"Iluminaci\u00f3n + arquitectura - RUBA Sonora\",\"isPartOf\":{\"@id\":\"https:\/\/ruba.com.mx\/sonora\/#website\"},\"primaryImageOfPage\":{\"@id\":\"https:\/\/ruba.com.mx\/sonora\/iluminacion-mas-arquitectura\/#primaryimage\"},\"datePublished\":\"2022-10-02T01:10:43+00:00\",\"dateModified\":\"2022-10-06T21:10:22+00:00\",\"breadcrumb\":{\"@id\":\"https:\/\/ruba.com.mx\/sonora\/iluminacion-mas-arquitectura\/#breadcrumb\"},\"inLanguage\":\"en-US\",\"potentialAction\":[{\"@type\":\"ReadAction\",\"target\":[\"https:\/\/ruba.com.mx\/sonora\/iluminacion-mas-arquitectura\/\"]}]},{\"@type\":\"BreadcrumbList\",\"@id\":\"https:\/\/ruba.com.mx\/sonora\/iluminacion-mas-arquitectura\/#breadcrumb\",\"itemListElement\":[{\"@type\":\"ListItem\",\"position\":1,\"name\":\"Home\",\"item\":\"https:\/\/ruba.com.mx\/sonora\/\"},{\"@type\":\"ListItem\",\"position\":2,\"name\":\"Iluminaci\u00f3n + arquitectura\"}]},{\"@type\":\"Article\",\"@id\":\"https:\/\/ruba.com.mx\/sonora\/iluminacion-mas-arquitectura\/#article\",\"isPartOf\":{\"@id\":\"https:\/\/ruba.com.mx\/sonora\/iluminacion-mas-arquitectura\/\"},\"author\":{\"name\":\"admin\",\"@id\":\"https:\/\/ruba.com.mx\/sonora\/#\/schema\/person\/49108958b2592c5b36f7f0e6b864c219\"},\"headline\":\"Iluminaci\u00f3n + arquitectura\",\"datePublished\":\"2022-10-02T01:10:43+00:00\",\"dateModified\":\"2022-10-06T21:10:22+00:00\",\"mainEntityOfPage\":{\"@id\":\"https:\/\/ruba.com.mx\/sonora\/iluminacion-mas-arquitectura\/\"},\"wordCount\":314,\"commentCount\":0,\"publisher\":{\"@id\":\"https:\/\/ruba.com.mx\/sonora\/#organization\"},\"image\":{\"@id\":\"https:\/\/ruba.com.mx\/sonora\/iluminacion-mas-arquitectura\/#primaryimage\"},\"thumbnailUrl\":\"https:\/\/ruba.com.mx\/sonora\/wp-content\/uploads\/2022\/05\/blog-iluminacion-arquitectura.jpg\",\"articleSection\":[\"Arquitectura\"],\"inLanguage\":\"en-US\",\"potentialAction\":[{\"@type\":\"CommentAction\",\"name\":\"Comment\",\"target\":[\"https:\/\/ruba.com.mx\/sonora\/iluminacion-mas-arquitectura\/#respond\"]}]},{\"@type\":\"Person\",\"@id\":\"https:\/\/ruba.com.mx\/sonora\/#\/schema\/person\/49108958b2592c5b36f7f0e6b864c219\",\"name\":\"admin\",\"image\":{\"@type\":\"ImageObject\",\"inLanguage\":\"en-US\",\"@id\":\"https:\/\/ruba.com.mx\/sonora\/#\/schema\/person\/image\/\",\"url\":\"https:\/\/secure.gravatar.com\/avatar\/dd1b6264090715189d0e42ff154a5743?s=96&d=mm&r=g\",\"contentUrl\":\"https:\/\/secure.gravatar.com\/avatar\/dd1b6264090715189d0e42ff154a5743?s=96&d=mm&r=g\",\"caption\":\"admin\"},\"sameAs\":[\"https:\/\/ruba.com.mx\/sonora\"],\"url\":\"https:\/\/ruba.com.mx\/sonora\/author\/admin\/\"}]}<\/script>\n<!-- \/ Yoast SEO plugin. -->","yoast_head_json":{"title":"Iluminaci\u00f3n + arquitectura - RUBA Sonora","robots":{"index":"index","follow":"follow","max-snippet":"max-snippet:-1","max-image-preview":"max-image-preview:large","max-video-preview":"max-video-preview:-1"},"canonical":"https:\/\/ruba.com.mx\/sonora\/iluminacion-mas-arquitectura\/","og_locale":"en_US","og_type":"article","og_title":"Iluminaci\u00f3n + arquitectura - RUBA Sonora","og_description":"Uno de los pilares de la mayor\u00eda de los conceptos inmobiliarios es la incidencia de los rayos solares. Es la luz natural, pues, parte de la estructura del hogar, y no solamente algo incidental o pasajero durante el d\u00eda. Alejandra Manzo &nbsp; Aunque hay&nbsp;arquitecturas&nbsp;\u2013no tan numerosas\u2013 que tienden a espacios con luz artificial para crear [&hellip;]","og_url":"https:\/\/ruba.com.mx\/sonora\/iluminacion-mas-arquitectura\/","og_site_name":"RUBA Sonora","article_publisher":"https:\/\/www.facebook.com\/rubahermosillo\/","article_published_time":"2022-10-02T01:10:43+00:00","article_modified_time":"2022-10-06T21:10:22+00:00","og_image":[{"width":1280,"height":800,"url":"https:\/\/ruba.com.mx\/sonora\/wp-content\/uploads\/2022\/05\/blog-iluminacion-arquitectura.jpg","type":"image\/jpeg"}],"author":"admin","twitter_card":"summary_large_image","twitter_creator":"@CasasRuba","twitter_site":"@CasasRuba","twitter_misc":{"Written by":"admin","Est. reading time":"2 minutes"},"schema":{"@context":"https:\/\/schema.org","@graph":[{"@type":"Organization","@id":"https:\/\/ruba.com.mx\/sonora\/#organization","name":"RUBA Sonora","url":"https:\/\/ruba.com.mx\/sonora\/","sameAs":["https:\/\/www.instagram.com\/rubahermosillo\/","https:\/\/www.facebook.com\/rubahermosillo\/","https:\/\/twitter.com\/CasasRuba"],"logo":{"@type":"ImageObject","inLanguage":"en-US","@id":"https:\/\/ruba.com.mx\/sonora\/#\/schema\/logo\/image\/","url":"https:\/\/rubasonora.com\/wp-content\/uploads\/2022\/05\/logo-ruba-color1.png","contentUrl":"https:\/\/rubasonora.com\/wp-content\/uploads\/2022\/05\/logo-ruba-color1.png","width":283,"height":113,"caption":"RUBA Sonora"},"image":{"@id":"https:\/\/ruba.com.mx\/sonora\/#\/schema\/logo\/image\/"}},{"@type":"WebSite","@id":"https:\/\/ruba.com.mx\/sonora\/#website","url":"https:\/\/ruba.com.mx\/sonora\/","name":"RUBA Sonora","description":"Llegaste a Casa","publisher":{"@id":"https:\/\/ruba.com.mx\/sonora\/#organization"},"potentialAction":[{"@type":"SearchAction","target":{"@type":"EntryPoint","urlTemplate":"https:\/\/ruba.com.mx\/sonora\/?s={search_term_string}"},"query-input":"required name=search_term_string"}],"inLanguage":"en-US"},{"@type":"ImageObject","inLanguage":"en-US","@id":"https:\/\/ruba.com.mx\/sonora\/iluminacion-mas-arquitectura\/#primaryimage","url":"https:\/\/ruba.com.mx\/sonora\/wp-content\/uploads\/2022\/05\/blog-iluminacion-arquitectura.jpg","contentUrl":"https:\/\/ruba.com.mx\/sonora\/wp-content\/uploads\/2022\/05\/blog-iluminacion-arquitectura.jpg","width":1280,"height":800},{"@type":"WebPage","@id":"https:\/\/ruba.com.mx\/sonora\/iluminacion-mas-arquitectura\/","url":"https:\/\/ruba.com.mx\/sonora\/iluminacion-mas-arquitectura\/","name":"Iluminaci\u00f3n + arquitectura - RUBA Sonora","isPartOf":{"@id":"https:\/\/ruba.com.mx\/sonora\/#website"},"primaryImageOfPage":{"@id":"https:\/\/ruba.com.mx\/sonora\/iluminacion-mas-arquitectura\/#primaryimage"},"datePublished":"2022-10-02T01:10:43+00:00","dateModified":"2022-10-06T21:10:22+00:00","breadcrumb":{"@id":"https:\/\/ruba.com.mx\/sonora\/iluminacion-mas-arquitectura\/#breadcrumb"},"inLanguage":"en-US","potentialAction":[{"@type":"ReadAction","target":["https:\/\/ruba.com.mx\/sonora\/iluminacion-mas-arquitectura\/"]}]},{"@type":"BreadcrumbList","@id":"https:\/\/ruba.com.mx\/sonora\/iluminacion-mas-arquitectura\/#breadcrumb","itemListElement":[{"@type":"ListItem","position":1,"name":"Home","item":"https:\/\/ruba.com.mx\/sonora\/"},{"@type":"ListItem","position":2,"name":"Iluminaci\u00f3n + arquitectura"}]},{"@type":"Article","@id":"https:\/\/ruba.com.mx\/sonora\/iluminacion-mas-arquitectura\/#article","isPartOf":{"@id":"https:\/\/ruba.com.mx\/sonora\/iluminacion-mas-arquitectura\/"},"author":{"name":"admin","@id":"https:\/\/ruba.com.mx\/sonora\/#\/schema\/person\/49108958b2592c5b36f7f0e6b864c219"},"headline":"Iluminaci\u00f3n + arquitectura","datePublished":"2022-10-02T01:10:43+00:00","dateModified":"2022-10-06T21:10:22+00:00","mainEntityOfPage":{"@id":"https:\/\/ruba.com.mx\/sonora\/iluminacion-mas-arquitectura\/"},"wordCount":314,"commentCount":0,"publisher":{"@id":"https:\/\/ruba.com.mx\/sonora\/#organization"},"image":{"@id":"https:\/\/ruba.com.mx\/sonora\/iluminacion-mas-arquitectura\/#primaryimage"},"thumbnailUrl":"https:\/\/ruba.com.mx\/sonora\/wp-content\/uploads\/2022\/05\/blog-iluminacion-arquitectura.jpg","articleSection":["Arquitectura"],"inLanguage":"en-US","potentialAction":[{"@type":"CommentAction","name":"Comment","target":["https:\/\/ruba.com.mx\/sonora\/iluminacion-mas-arquitectura\/#respond"]}]},{"@type":"Person","@id":"https:\/\/ruba.com.mx\/sonora\/#\/schema\/person\/49108958b2592c5b36f7f0e6b864c219","name":"admin","image":{"@type":"ImageObject","inLanguage":"en-US","@id":"https:\/\/ruba.com.mx\/sonora\/#\/schema\/person\/image\/","url":"https:\/\/secure.gravatar.com\/avatar\/dd1b6264090715189d0e42ff154a5743?s=96&d=mm&r=g","contentUrl":"https:\/\/secure.gravatar.com\/avatar\/dd1b6264090715189d0e42ff154a5743?s=96&d=mm&r=g","caption":"admin"},"sameAs":["https:\/\/ruba.com.mx\/sonora"],"url":"https:\/\/ruba.com.mx\/sonora\/author\/admin\/"}]}},"_links":{"self":[{"href":"https:\/\/ruba.com.mx\/sonora\/wp-json\/wp\/v2\/posts\/166"}],"collection":[{"href":"https:\/\/ruba.com.mx\/sonora\/wp-json\/wp\/v2\/posts"}],"about":[{"href":"https:\/\/ruba.com.mx\/sonora\/wp-json\/wp\/v2\/types\/post"}],"author":[{"embeddable":true,"href":"https:\/\/ruba.com.mx\/sonora\/wp-json\/wp\/v2\/users\/1"}],"replies":[{"embeddable":true,"href":"https:\/\/ruba.com.mx\/sonora\/wp-json\/wp\/v2\/comments?post=166"}],"version-history":[{"count":6,"href":"https:\/\/ruba.com.mx\/sonora\/wp-json\/wp\/v2\/posts\/166\/revisions"}],"predecessor-version":[{"id":703,"href":"https:\/\/ruba.com.mx\/sonora\/wp-json\/wp\/v2\/posts\/166\/revisions\/703"}],"wp:featuredmedia":[{"embeddable":true,"href":"https:\/\/ruba.com.mx\/sonora\/wp-json\/wp\/v2\/media\/702"}],"wp:attachment":[{"href":"https:\/\/ruba.com.mx\/sonora\/wp-json\/wp\/v2\/media?parent=166"}],"wp:term":[{"taxonomy":"category","embeddable":true,"href":"https:\/\/ruba.com.mx\/sonora\/wp-json\/wp\/v2\/categories?post=166"},{"taxonomy":"post_tag","embeddable":true,"href":"https:\/\/ruba.com.mx\/sonora\/wp-json\/wp\/v2\/tags?post=166"}],"curies":[{"name":"wp","href":"https:\/\/api.w.org\/{rel}","templated":true}]}}